{"id":27116,"date":"2026-09-02T15:50:14","date_gmt":"2026-09-02T13:50:14","guid":{"rendered":"https:\/\/acredia.at\/?p=27116"},"modified":"2026-09-02T15:50:14","modified_gmt":"2026-09-02T13:50:14","slug":"evropska-energetska-panoga-na-pragu-nove-faze-rasti-umetna-inteligenca-povecuje-povprasevanje-po-elektricni-energiji-soncna-energija-dozivlja-razcvet","status":"publish","type":"post","link":"https:\/\/acredia.at\/sl\/news-presse\/meldung\/evropska-energetska-panoga-na-pragu-nove-faze-rasti-umetna-inteligenca-povecuje-povprasevanje-po-elektricni-energiji-soncna-energija-dozivlja-razcvet\/","title":{"rendered":"Evropska energetska panoga na pragu nove faze rasti: umetna inteligenca pove\u010duje povpra\u0161evanje po elektri\u010dni energiji, son\u010dna energija do\u017eivlja razcvet"},"content":{"rendered":"<ul>\n<li><strong>Razcvet son\u010dne energije v Sloveniji<\/strong>: zmogljivost se je od leta 2021 pove\u010dala za ve\u010d kot trikrat<\/li>\n<li><strong>Umetna inteligenca spodbuja povpra\u0161evanje po energiji<\/strong>: podatkovni centri so odgovorni za nove in dolgoro\u010dne energetske porabnike<\/li>\n<li><strong>Omre\u017eja in sistemi za shranjevanje postajajo ozko grlo<\/strong>: hitra rast v zmogljivosti obnovljivih virov energije pove\u010duje potrebo po prilagodljivi infrastrukturi<\/li>\n<li><strong>Rast s tveganji<\/strong> odvisnost Evrope od klju\u010dnih kitajskih tehnologij ostaja strate\u0161ki izziv<\/li>\n<\/ul>\n<p><!-- notionvc: 7c270e24-00d2-4340-a39f-c3d00922e5a0 --><\/p>\n<p>&nbsp;<\/p>\n<p><strong>LJUBLJANA, 02. september 2026<\/strong> \u2013 Nara\u0161\u010dajo\u010de povpra\u0161evanje po elektri\u010dni energiji, ki ga spodbuja umetna inteligenca (UI), bi bilo lahko odgovorno za hitro rast evropske elektroenergetske panoge. Zlasti \u0161iritev visokozmogljivih podatkovnih centrov ustvarja nove, stalne velike porabnike elektri\u010dne energije, s \u010dimer pove\u010duje tudi potrebo po obnovljivih virih energije. Za energetsko panogo se odpirajo nove poslovne prilo\u017enosti, hkrati pa so potrebne velike nalo\u017ebe v elektroenergetska omre\u017eja, sisteme za shranjevanje energije in digitalno infrastrukturo.<\/p>\n<p>Kljub temu pa poslovno okolje ostaja zahtevno, saj nihanje cen elektri\u010dne energije in geopoliti\u010dni konflikti \u0161e naprej povzro\u010dajo negotovost. \u010ceprav vetrna in son\u010dna energija zmanj\u0161ujeta odvisnost Evrope od uvoza fosilnih goriv, je Evropa pri klju\u010dnih tehnologijah, potrebnih za energetski prehod, \u0161e vedno mo\u010dno odvisna od Kitajske. To ugotavlja aktualno pano\u017eno poro\u010dilo o energiji in solarnih kapacitetah z naslovom <strong>Energy &amp; Solar<\/strong> dru\u017ebe <strong>Allianz Trade, globalnega partnerja dru\u017ebe ACREDIA<\/strong>.<\/p>\n<p>&nbsp;<\/p>\n<h2><strong>Son\u010dna energija se v Sloveniji hitro razvija<\/strong><\/h2>\n<p>Slovenija je v zadnjih letih ob\u010dutno pospe\u0161ila \u0161iritev son\u010dne energije. Ob koncu leta 2025 je skupna name\u0161\u010dena zmogljivost fotonapetostnih sistemov dosegla pribli\u017eno 1571 MW. To pomeni, da se je zmogljivost v \u0161tirih letih pove\u010dala za ve\u010d kot trikrat: konec leta 2021 je zna\u0161ala \u0161e pribli\u017eno 468 MW. Samo v letu 2025 je bilo dodanih \u0161e 146,5 MW novih zmogljivosti.<\/p>\n<p>Obnovljivi viri energije pridobivajo pomen tudi v elektroenergetskem sistemu, saj je njihov dele\u017e v proizvodnji elektri\u010dne energije je leta 2025 dosegel 45,6 odstotka. K temu je pomembno prispevala tudi son\u010dna energija, saj se je proizvodnja elektri\u010dne energije iz tega vira v primerjavi s predhodnim letom pove\u010dala za 26 odstotkov.<\/p>\n<p>\u00bbHitra rast kapacitet son\u010dne energije ka\u017ee, kako hitro se spreminja evropski energetski sistem. Obnovljivi viri energije \u017ee dolgo niso ve\u010d zgolj vpra\u0161anje razoglji\u010denja, temve\u010d tudi gospodarske varnosti in neodvisnosti,\u00ab pravi <strong>Michael Kolb<\/strong>, izvr\u0161ni direktor dru\u017ebe ACREDIA. \u00bb\u010ce ve\u010d energije proizvedemo lokalno iz obnovljivih virov, bo manj\u0161a na\u0161a odvisnost od uvoza fosilnih goriv in mednarodnih cenovnih \u0161okov.\u00ab<\/p>\n<p>&nbsp;<\/p>\n<h2><strong>UI postaja nov velik porabnik energije<\/strong><\/h2>\n<p>Razvoj evropske infrastrukture za UI bo \u0161e dodatno spodbudil rast. Podatkovni centri, namenjeni umetni inteligenci, imajo izjemno velike potrebe po elektri\u010dni energiji in zanesljivo oskrbo z elektri\u010dno energijo zahtevajo 24 ur na dan. Za dobavitelje energije to pomeni nove zanesljive poslovne odjemalce, prilo\u017enosti za sklepanje dolgoro\u010dnih pogodb o nakupu elektri\u010dne energije ter ve\u010d posla na podro\u010djih omre\u017eij in shranjevanja energije.<\/p>\n<p>\u00bbRazcvet UI je tudi energetski razcvet. Za energetska podjetja to pomeni nove, dolgoro\u010dne porabnike z znatnimi prilo\u017enostmi za rast,\u00ab pravi Kolb. \u00bbHkrati u\u010dinkovita energetska infrastruktura vse bolj postaja dejavnik konkuren\u010dnosti lokacije. \u010ce \u017eelimo biti v ospredju digitalizacije in razvoja UI, moramo sorazmerno vlagati v oskrbo z energijo, omre\u017eja in sisteme za shranjevanje energije.\u00ab<\/p>\n<p>&nbsp;<\/p>\n<h2><strong>Infrastruktura mora slediti razcvetu son\u010dne energije<\/strong><\/h2>\n<p>Hitra \u0161iritev obnovljivih virov energije prina\u0161a nove izzive za elektroenergetska omre\u017eja. Elektri\u010dna energija se vse pogosteje proizvaja decentralizirano in takrat, ko je ne potrebujemo nujno. Omre\u017eja, sistemi za shranjevanje energije in prilagodljive mo\u017enosti porabe morajo zato slediti \u0161iritvi proizvodnih zmogljivosti.<\/p>\n<p>To vpra\u0161anje je \u0161e posebej pomembno v Sloveniji: po aktualnih na\u010drtih bi se lahko name\u0161\u010dena zmogljivost fotonapetostnih sistemov s pribli\u017eno 1,6 GW v letu 2025 do leta 2030 pove\u010dala na okoli 3,45 GW.<\/p>\n<p>\u00bbVe\u010d obnovljive energije samo po sebi ni dovolj. Klju\u010dno je, da lahko elektri\u010dno energijo shranimo in jo zagotovimo takrat, ko jo dejansko potrebujemo,\u00ab pravi Kolb. \u00bbOmre\u017eja in sistemi za shranjevanje energije bodo tako postali odlo\u010dilen dejavnik pri nadaljevanju energetskega prehoda.\u00ab<\/p>\n<p>&nbsp;<\/p>\n<h2><strong>Son\u010dna energija tudi globalno ostaja na poti rasti<\/strong><\/h2>\n<p>Obeti za son\u010dno energijo ostajajo zelo pozitivni tudi globalno. Po podatkih dru\u017ebe Allianz Trade naj bi se njen dele\u017e v svetovni porabi energije do leta 2050 skoraj po\u010detveril in dosegel pribli\u017eno 30 odstotkov. Poleg energetskega prehoda rast v porabi spodbujata nara\u0161\u010dajo\u010di elektrifikacija in poraba energije pri aplikacijah UI.<\/p>\n<p>\u00bbSon\u010dna energija bo v globalni oskrbi z energijo igrala bistveno pomembnej\u0161o vlogo. Elektrifikacija in UI bosta poskrbela za nadaljnjo rast povpra\u0161evanja po elektri\u010dni energiji, pomemben del tega dodatnega povpra\u0161evanja pa bo morala pokriti son\u010dna energija,\u00ab pravi Kolb.<\/p>\n<p>&nbsp;<\/p>\n<h2><strong>Odvisnost Evrope od Kitajske ostaja tveganje<\/strong><\/h2>\n<p>\u010ceprav obnovljivi viri energije zmanj\u0161ujejo odvisnost Evrope od uvoza fosilnih goriv, se strate\u0161ko tveganje pojavlja na drugem podro\u010dju. Son\u010dni moduli, baterije, sistemi za shranjevanje energije in \u0161tevilni pomembni vmesni proizvodi namre\u010d \u0161e naprej v veliki meri prihajajo iz Kitajske.<\/p>\n<p>\u00bbEvropa pri energetskem prehodu ne sme zgolj zamenjati ene odvisnosti z drugo,\u00ab pravi Kolb. \u00bb\u0160iritev zmogljivosti obnovljivih virov in varovanje potrebnih dobavnih verig morata potekati z roko v roki. Pri tem bo klju\u010dnega pomena, kako hitro bo Evropa zmanj\u0161ala tehnolo\u0161ko odvisnost in odpravila ozka grla pri kriti\u010dnih komponentah.\u00ab<\/p>\n<p>&nbsp;<\/p>\n<h5><strong>Foto:<\/strong><\/h5>\n<p>Za prenos: <a href=\"https:\/\/eur03.safelinks.protection.outlook.com\/?url=https%3A%2F%2Facredia.at%2Fwp-content%2Fuploads%2F2024%2F04%2FAcredia_Michael_Kolb_hoch2-scaled.jpg&amp;data=05%7C02%7Cneli.jelinovic%40acredia.at%7Cfe19ab900686429999ca08df073eb1bd%7C15bcf80839d743d39544a061ea03b66a%7C1%7C0%7C639237638064541812%7CUnknown%7CTWFpbGZsb3d8eyJFbXB0eU1hcGkiOnRydWUsIlYiOiIwLjAuMDAwMCIsIlAiOiJXaW4zMiIsIkFOIjoiTWFpbCIsIldUIjoyfQ%3D%3D%7C0%7C%7C%7C&amp;sdata=MqrSWWRGeN0Zf1%2F1ojpb4dqLKVhQllpJQooZeEFeG6o%3D&amp;reserved=0\">Michael Kolb<\/a><\/p>\n<p>Predsednik skupine ACREDIA<\/p>\n<p>&nbsp;<\/p>\n<h5><strong>Dodatne informacije<\/strong><\/h5>\n<p><strong>Stefan Lindlbauer<\/strong>, vodja marketinga, komunikacij in digitalnih tehnologij, Acredia Versicherung AG<\/p>\n<p>Tel: +43 (0)5 01 02-2150, e-po\u0161ta: <a href=\"mailto:stefan.lindlbauer@acredia.at\">stefan.lindlbauer@acredia.at<\/a><\/p>\n<p><strong>Jure Mesari\u010d<\/strong>, MA marketing d. o. o.<\/p>\n<p>Tel.: 040 798 535, e-po\u0161ta:<\/p>\n<p><a href=\"mailto:jure.mesaric@mamarketing.si\">jure.mesaric@mamarketing.si<\/a><\/p>\n<p>&nbsp;<\/p>\n<h5><strong>O skupini Acredia<\/strong><\/h5>\n<p>ACREDIA je mednarodna kreditna zavarovalnica s sede\u017eem na Dunaju, ki je del globalne mre\u017ee Allianz Trade. ACREDIA z ve\u010d kot 35,7 milijarde EUR zavarovane izpostavljenosti zanesljivo \u0161\u010diti doma\u010da in mednarodna podjetja pred zamudami pri pla\u010dilih. Delni\u010darja sta Oesterreichische Kontrollbank AG in Allianz Trade, vodilni svetovni ponudnik kreditnih zavarovanj. Leta 2024 je skupina ACREDIA ustvarila 88,3 milijona EUR prihodkov.<\/p>\n<p>Dru\u017eba Acredia se je v okviru Globalnega dogovora Zdru\u017eenih narodov prostovoljno zavezala, da bo svojo strategijo in poslovne dejavnosti uskladila z univerzalnimi na\u010deli o \u010dlovekovih pravicah, delu, okolju in boju proti korupciji ter sprejela ukrepe za doseganje dru\u017ebenih ciljev.<\/p>\n<p><a href=\"https:\/\/eur03.safelinks.protection.outlook.com\/?url=https%3A%2F%2Fwww.acredia.at%2Fsl%2F&amp;data=05%7C02%7Cneli.jelinovic%40acredia.at%7Cfe19ab900686429999ca08df073eb1bd%7C15bcf80839d743d39544a061ea03b66a%7C1%7C0%7C639237638064576584%7CUnknown%7CTWFpbGZsb3d8eyJFbXB0eU1hcGkiOnRydWUsIlYiOiIwLjAuMDAwMCIsIlAiOiJXaW4zMiIsIkFOIjoiTWFpbCIsIldUIjoyfQ%3D%3D%7C0%7C%7C%7C&amp;sdata=WuHfjCXWBOdkJ7qclpZCYfycvIA5xFwZLwLIyx9Sr0s%3D&amp;reserved=0\">Ve\u010d o Acredii &#8230;<\/a><\/p>\n<p><!-- notionvc: a9cd240b-61a2-4b6d-80c5-eb09d61027f6 --><\/p>\n<p>&nbsp;<\/p>\n","protected":false},"excerpt":{"rendered":"<p>Razcvet son\u010dne energije v Sloveniji: zmogljivost se je od leta 2021 pove\u010dala za ve\u010d kot trikrat Umetna inteligenca spodbuja povpra\u0161evanje po energiji: podatkovni centri so odgovorni za nove in dolgoro\u010dne energetske porabnike Omre\u017eja in sistemi za shranjevanje postajajo ozko grlo: hitra rast v zmogljivosti obnovljivih virov energije pove\u010duje potrebo po prilagodljivi infrastrukturi Rast s tveganji [&hellip;]<\/p>\n","protected":false},"author":7,"featured_media":25532,"comment_status":"closed","ping_status":"closed","sticky":false,"template":"","format":"standard","meta":{"footnotes":""},"categories":[75],"tags":[],"class_list":["post-27116","post","type-post","status-publish","format-standard","has-post-thumbnail","hentry","category-news-sl"],"_links":{"self":[{"href":"https:\/\/acredia.at\/sl\/wp-json\/wp\/v2\/posts\/27116","targetHints":{"allow":["GET"]}}],"collection":[{"href":"https:\/\/acredia.at\/sl\/wp-json\/wp\/v2\/posts"}],"about":[{"href":"https:\/\/acredia.at\/sl\/wp-json\/wp\/v2\/types\/post"}],"author":[{"embeddable":true,"href":"https:\/\/acredia.at\/sl\/wp-json\/wp\/v2\/users\/7"}],"replies":[{"embeddable":true,"href":"https:\/\/acredia.at\/sl\/wp-json\/wp\/v2\/comments?post=27116"}],"version-history":[{"count":4,"href":"https:\/\/acredia.at\/sl\/wp-json\/wp\/v2\/posts\/27116\/revisions"}],"predecessor-version":[{"id":27122,"href":"https:\/\/acredia.at\/sl\/wp-json\/wp\/v2\/posts\/27116\/revisions\/27122"}],"wp:featuredmedia":[{"embeddable":true,"href":"https:\/\/acredia.at\/sl\/wp-json\/wp\/v2\/media\/25532"}],"wp:attachment":[{"href":"https:\/\/acredia.at\/sl\/wp-json\/wp\/v2\/media?parent=27116"}],"wp:term":[{"taxonomy":"category","embeddable":true,"href":"https:\/\/acredia.at\/sl\/wp-json\/wp\/v2\/categories?post=27116"},{"taxonomy":"post_tag","embeddable":true,"href":"https:\/\/acredia.at\/sl\/wp-json\/wp\/v2\/tags?post=27116"}],"curies":[{"name":"wp","href":"https:\/\/api.w.org\/{rel}","templated":true}]}}